{"id":23932,"date":"2025-01-20T13:58:47","date_gmt":"2025-01-20T12:58:47","guid":{"rendered":"https:\/\/zusje.nl\/?p=23932"},"modified":"2025-04-15T13:30:26","modified_gmt":"2025-04-15T11:30:26","slug":"t-zusje-zaandam-ist-eroeffnet","status":"publish","type":"post","link":"https:\/\/zusje.nl\/de\/t-zusje-zaandam-ist-eroeffnet\/","title":{"rendered":"\u2019t Zusje Alphen aan den Rijn ist er\u00f6ffnet!"},"content":{"rendered":"\n<p>Unsere neueste Zusje in Alphen aan den Rijn hat am 4. April ihre T\u00fcren f\u00fcr unsere G\u00e4ste ge\u00f6ffnet. \ud83e\udd73 Kommen Sie und genie\u00dfen Sie diesen sch\u00f6nen Ort und lassen Sie sich von uns verw\u00f6hnen. \ud83d\ude0d Reservieren Sie bald Ihren Tisch.<\/p>\n\n\n\n<div class=\"wp-block-buttons is-layout-flex wp-block-buttons-is-layout-flex\">\n<div class=\"wp-block-button\"><a class=\"wp-block-button__link wp-element-button\" href=\"https:\/\/zusje.nl\/de\/unsere-zusjes\/alphenaandenrijn\/\">\u2019t Zusje Alphen aan den Rijn<\/a><\/div>\n<\/div>\n\n\n\n<p><\/p>\n","protected":false},"excerpt":{"rendered":"<p>Unsere neueste Zusje in Alphen aan den Rijn hat am 4. April ihre T\u00fcren f\u00fcr unsere G\u00e4ste ge\u00f6ffnet. \ud83e\udd73 Kommen &hellip;<\/p>\n","protected":false},"author":3,"featured_media":26758,"comment_status":"closed","ping_status":"closed","sticky":false,"template":"","format":"standard","meta":{"_acf_changed":false,"footnotes":""},"categories":[15],"tags":[],"class_list":["post-23932","post","type-post","status-publish","format-standard","has-post-thumbnail","hentry","category-nieuws-de"],"acf":[],"yoast_head":"<!-- This site is optimized with the Yoast SEO plugin v27.3 - https:\/\/yoast.com\/product\/yoast-seo-wordpress\/ -->\n<title>\u2019t Zusje Alphen aan den Rijn ist er\u00f6ffnet! - Zusje<\/title>\n<meta name=\"robots\" content=\"index, follow, max-snippet:-1, max-image-preview:large, max-video-preview:-1\" \/>\n<link rel=\"canonical\" href=\"https:\/\/zusje.nl\/de\/t-zusje-zaandam-ist-eroeffnet\/\" \/>\n<meta property=\"og:locale\" content=\"de_DE\" \/>\n<meta property=\"og:type\" content=\"article\" \/>\n<meta property=\"og:title\" content=\"\u2019t Zusje Alphen aan den Rijn ist er\u00f6ffnet! - Zusje\" \/>\n<meta property=\"og:description\" content=\"Unsere neueste Zusje in Alphen aan den Rijn hat am 4. April ihre T\u00fcren f\u00fcr unsere G\u00e4ste ge\u00f6ffnet. \ud83e\udd73 Kommen &hellip;\" \/>\n<meta property=\"og:url\" content=\"https:\/\/zusje.nl\/de\/t-zusje-zaandam-ist-eroeffnet\/\" \/>\n<meta property=\"og:site_name\" content=\"Zusje\" \/>\n<meta property=\"article:published_time\" content=\"2025-01-20T12:58:47+00:00\" \/>\n<meta property=\"article:modified_time\" content=\"2025-04-15T11:30:26+00:00\" \/>\n<meta property=\"og:image\" content=\"https:\/\/zusje.nl\/wp-content\/uploads\/2025\/02\/alphen.png\" \/>\n\t<meta property=\"og:image:width\" content=\"1024\" \/>\n\t<meta property=\"og:image:height\" content=\"557\" \/>\n\t<meta property=\"og:image:type\" content=\"image\/png\" \/>\n<meta name=\"author\" content=\"Maik van Breda\" \/>\n<meta name=\"twitter:card\" content=\"summary_large_image\" \/>\n<meta name=\"twitter:label1\" content=\"Verfasst von\" \/>\n\t<meta name=\"twitter:data1\" content=\"Maik van Breda\" \/>\n\t<meta name=\"twitter:label2\" content=\"Gesch\u00e4tzte Lesezeit\" \/>\n\t<meta name=\"twitter:data2\" content=\"1\u00a0Minute\" \/>\n<script type=\"application\/ld+json\" class=\"yoast-schema-graph\">{\"@context\":\"https:\\\/\\\/schema.org\",\"@graph\":[{\"@type\":\"Article\",\"@id\":\"https:\\\/\\\/zusje.nl\\\/de\\\/t-zusje-zaandam-ist-eroeffnet\\\/#article\",\"isPartOf\":{\"@id\":\"https:\\\/\\\/zusje.nl\\\/de\\\/t-zusje-zaandam-ist-eroeffnet\\\/\"},\"author\":{\"name\":\"Maik van Breda\",\"@id\":\"https:\\\/\\\/zusje.nl\\\/de\\\/#\\\/schema\\\/person\\\/95cb02ad6a676b198ec2a4d0c89f2444\"},\"headline\":\"\u2019t Zusje Alphen aan den Rijn ist er\u00f6ffnet!\",\"datePublished\":\"2025-01-20T12:58:47+00:00\",\"dateModified\":\"2025-04-15T11:30:26+00:00\",\"mainEntityOfPage\":{\"@id\":\"https:\\\/\\\/zusje.nl\\\/de\\\/t-zusje-zaandam-ist-eroeffnet\\\/\"},\"wordCount\":61,\"image\":{\"@id\":\"https:\\\/\\\/zusje.nl\\\/de\\\/t-zusje-zaandam-ist-eroeffnet\\\/#primaryimage\"},\"thumbnailUrl\":\"https:\\\/\\\/zusje.nl\\\/wp-content\\\/uploads\\\/2025\\\/02\\\/alphen.png\",\"articleSection\":[\"Nieuws\"],\"inLanguage\":\"de\"},{\"@type\":\"WebPage\",\"@id\":\"https:\\\/\\\/zusje.nl\\\/de\\\/t-zusje-zaandam-ist-eroeffnet\\\/\",\"url\":\"https:\\\/\\\/zusje.nl\\\/de\\\/t-zusje-zaandam-ist-eroeffnet\\\/\",\"name\":\"\u2019t Zusje Alphen aan den Rijn ist er\u00f6ffnet! - Zusje\",\"isPartOf\":{\"@id\":\"https:\\\/\\\/zusje.nl\\\/de\\\/#website\"},\"primaryImageOfPage\":{\"@id\":\"https:\\\/\\\/zusje.nl\\\/de\\\/t-zusje-zaandam-ist-eroeffnet\\\/#primaryimage\"},\"image\":{\"@id\":\"https:\\\/\\\/zusje.nl\\\/de\\\/t-zusje-zaandam-ist-eroeffnet\\\/#primaryimage\"},\"thumbnailUrl\":\"https:\\\/\\\/zusje.nl\\\/wp-content\\\/uploads\\\/2025\\\/02\\\/alphen.png\",\"datePublished\":\"2025-01-20T12:58:47+00:00\",\"dateModified\":\"2025-04-15T11:30:26+00:00\",\"author\":{\"@id\":\"https:\\\/\\\/zusje.nl\\\/de\\\/#\\\/schema\\\/person\\\/95cb02ad6a676b198ec2a4d0c89f2444\"},\"inLanguage\":\"de\",\"potentialAction\":[{\"@type\":\"ReadAction\",\"target\":[\"https:\\\/\\\/zusje.nl\\\/de\\\/t-zusje-zaandam-ist-eroeffnet\\\/\"]}]},{\"@type\":\"ImageObject\",\"inLanguage\":\"de\",\"@id\":\"https:\\\/\\\/zusje.nl\\\/de\\\/t-zusje-zaandam-ist-eroeffnet\\\/#primaryimage\",\"url\":\"https:\\\/\\\/zusje.nl\\\/wp-content\\\/uploads\\\/2025\\\/02\\\/alphen.png\",\"contentUrl\":\"https:\\\/\\\/zusje.nl\\\/wp-content\\\/uploads\\\/2025\\\/02\\\/alphen.png\",\"width\":1024,\"height\":557},{\"@type\":\"WebSite\",\"@id\":\"https:\\\/\\\/zusje.nl\\\/de\\\/#website\",\"url\":\"https:\\\/\\\/zusje.nl\\\/de\\\/\",\"name\":\"Zusje\",\"description\":\"Bourgondisch genieten\u2026\",\"potentialAction\":[{\"@type\":\"SearchAction\",\"target\":{\"@type\":\"EntryPoint\",\"urlTemplate\":\"https:\\\/\\\/zusje.nl\\\/de\\\/?s={search_term_string}\"},\"query-input\":{\"@type\":\"PropertyValueSpecification\",\"valueRequired\":true,\"valueName\":\"search_term_string\"}}],\"inLanguage\":\"de\"},{\"@type\":\"Person\",\"@id\":\"https:\\\/\\\/zusje.nl\\\/de\\\/#\\\/schema\\\/person\\\/95cb02ad6a676b198ec2a4d0c89f2444\",\"name\":\"Maik van Breda\",\"url\":\"https:\\\/\\\/zusje.nl\\\/de\\\/author\\\/maik\\\/\"}]}<\/script>\n<!-- \/ Yoast SEO plugin. -->","yoast_head_json":{"title":"\u2019t Zusje Alphen aan den Rijn ist er\u00f6ffnet! - Zusje","robots":{"index":"index","follow":"follow","max-snippet":"max-snippet:-1","max-image-preview":"max-image-preview:large","max-video-preview":"max-video-preview:-1"},"canonical":"https:\/\/zusje.nl\/de\/t-zusje-zaandam-ist-eroeffnet\/","og_locale":"de_DE","og_type":"article","og_title":"\u2019t Zusje Alphen aan den Rijn ist er\u00f6ffnet! - Zusje","og_description":"Unsere neueste Zusje in Alphen aan den Rijn hat am 4. April ihre T\u00fcren f\u00fcr unsere G\u00e4ste ge\u00f6ffnet. \ud83e\udd73 Kommen &hellip;","og_url":"https:\/\/zusje.nl\/de\/t-zusje-zaandam-ist-eroeffnet\/","og_site_name":"Zusje","article_published_time":"2025-01-20T12:58:47+00:00","article_modified_time":"2025-04-15T11:30:26+00:00","og_image":[{"width":1024,"height":557,"url":"https:\/\/zusje.nl\/wp-content\/uploads\/2025\/02\/alphen.png","type":"image\/png"}],"author":"Maik van Breda","twitter_card":"summary_large_image","twitter_misc":{"Verfasst von":"Maik van Breda","Gesch\u00e4tzte Lesezeit":"1\u00a0Minute"},"schema":{"@context":"https:\/\/schema.org","@graph":[{"@type":"Article","@id":"https:\/\/zusje.nl\/de\/t-zusje-zaandam-ist-eroeffnet\/#article","isPartOf":{"@id":"https:\/\/zusje.nl\/de\/t-zusje-zaandam-ist-eroeffnet\/"},"author":{"name":"Maik van Breda","@id":"https:\/\/zusje.nl\/de\/#\/schema\/person\/95cb02ad6a676b198ec2a4d0c89f2444"},"headline":"\u2019t Zusje Alphen aan den Rijn ist er\u00f6ffnet!","datePublished":"2025-01-20T12:58:47+00:00","dateModified":"2025-04-15T11:30:26+00:00","mainEntityOfPage":{"@id":"https:\/\/zusje.nl\/de\/t-zusje-zaandam-ist-eroeffnet\/"},"wordCount":61,"image":{"@id":"https:\/\/zusje.nl\/de\/t-zusje-zaandam-ist-eroeffnet\/#primaryimage"},"thumbnailUrl":"https:\/\/zusje.nl\/wp-content\/uploads\/2025\/02\/alphen.png","articleSection":["Nieuws"],"inLanguage":"de"},{"@type":"WebPage","@id":"https:\/\/zusje.nl\/de\/t-zusje-zaandam-ist-eroeffnet\/","url":"https:\/\/zusje.nl\/de\/t-zusje-zaandam-ist-eroeffnet\/","name":"\u2019t Zusje Alphen aan den Rijn ist er\u00f6ffnet! - Zusje","isPartOf":{"@id":"https:\/\/zusje.nl\/de\/#website"},"primaryImageOfPage":{"@id":"https:\/\/zusje.nl\/de\/t-zusje-zaandam-ist-eroeffnet\/#primaryimage"},"image":{"@id":"https:\/\/zusje.nl\/de\/t-zusje-zaandam-ist-eroeffnet\/#primaryimage"},"thumbnailUrl":"https:\/\/zusje.nl\/wp-content\/uploads\/2025\/02\/alphen.png","datePublished":"2025-01-20T12:58:47+00:00","dateModified":"2025-04-15T11:30:26+00:00","author":{"@id":"https:\/\/zusje.nl\/de\/#\/schema\/person\/95cb02ad6a676b198ec2a4d0c89f2444"},"inLanguage":"de","potentialAction":[{"@type":"ReadAction","target":["https:\/\/zusje.nl\/de\/t-zusje-zaandam-ist-eroeffnet\/"]}]},{"@type":"ImageObject","inLanguage":"de","@id":"https:\/\/zusje.nl\/de\/t-zusje-zaandam-ist-eroeffnet\/#primaryimage","url":"https:\/\/zusje.nl\/wp-content\/uploads\/2025\/02\/alphen.png","contentUrl":"https:\/\/zusje.nl\/wp-content\/uploads\/2025\/02\/alphen.png","width":1024,"height":557},{"@type":"WebSite","@id":"https:\/\/zusje.nl\/de\/#website","url":"https:\/\/zusje.nl\/de\/","name":"Zusje","description":"Bourgondisch genieten\u2026","potentialAction":[{"@type":"SearchAction","target":{"@type":"EntryPoint","urlTemplate":"https:\/\/zusje.nl\/de\/?s={search_term_string}"},"query-input":{"@type":"PropertyValueSpecification","valueRequired":true,"valueName":"search_term_string"}}],"inLanguage":"de"},{"@type":"Person","@id":"https:\/\/zusje.nl\/de\/#\/schema\/person\/95cb02ad6a676b198ec2a4d0c89f2444","name":"Maik van Breda","url":"https:\/\/zusje.nl\/de\/author\/maik\/"}]}},"_links":{"self":[{"href":"https:\/\/zusje.nl\/de\/wp-json\/wp\/v2\/posts\/23932","targetHints":{"allow":["GET"]}}],"collection":[{"href":"https:\/\/zusje.nl\/de\/wp-json\/wp\/v2\/posts"}],"about":[{"href":"https:\/\/zusje.nl\/de\/wp-json\/wp\/v2\/types\/post"}],"author":[{"embeddable":true,"href":"https:\/\/zusje.nl\/de\/wp-json\/wp\/v2\/users\/3"}],"replies":[{"embeddable":true,"href":"https:\/\/zusje.nl\/de\/wp-json\/wp\/v2\/comments?post=23932"}],"version-history":[{"count":2,"href":"https:\/\/zusje.nl\/de\/wp-json\/wp\/v2\/posts\/23932\/revisions"}],"predecessor-version":[{"id":26764,"href":"https:\/\/zusje.nl\/de\/wp-json\/wp\/v2\/posts\/23932\/revisions\/26764"}],"wp:featuredmedia":[{"embeddable":true,"href":"https:\/\/zusje.nl\/de\/wp-json\/wp\/v2\/media\/26758"}],"wp:attachment":[{"href":"https:\/\/zusje.nl\/de\/wp-json\/wp\/v2\/media?parent=23932"}],"wp:term":[{"taxonomy":"category","embeddable":true,"href":"https:\/\/zusje.nl\/de\/wp-json\/wp\/v2\/categories?post=23932"},{"taxonomy":"post_tag","embeddable":true,"href":"https:\/\/zusje.nl\/de\/wp-json\/wp\/v2\/tags?post=23932"}],"curies":[{"name":"wp","href":"https:\/\/api.w.org\/{rel}","templated":true}]}}